{"id":2147,"date":"2023-12-27T15:11:30","date_gmt":"2023-12-27T14:11:30","guid":{"rendered":"https:\/\/rad-pol.com.pl\/tkaninydekoracyjne\/?p=2147"},"modified":"2024-09-17T15:33:42","modified_gmt":"2024-09-17T13:33:42","slug":"klasyczne-firany-ozdoba-kazdego-okna","status":"publish","type":"post","link":"https:\/\/rad-pol.com.pl\/tkaninydekoracyjne\/2023\/12\/27\/klasyczne-firany-ozdoba-kazdego-okna\/","title":{"rendered":"Klasyczne firany &#8211; ozdoba ka\u017cdego okna"},"content":{"rendered":"\t\t<div data-elementor-type=\"wp-post\" data-elementor-id=\"2147\" class=\"elementor elementor-2147\">\n\t\t\t\t<div class=\"elementor-element elementor-element-bbcde50 e-flex e-con-boxed qodef-elementor-content-no e-con e-parent\" data-id=\"bbcde50\" data-element_type=\"container\" data-e-type=\"container\">\n\t\t\t\t\t<div class=\"e-con-inner\">\n\t\t\t\t<div class=\"elementor-element elementor-element-0df5297 elementor-widget elementor-widget-qi_addons_for_elementor_section_title\" data-id=\"0df5297\" data-element_type=\"widget\" data-e-type=\"widget\" data-widget_type=\"qi_addons_for_elementor_section_title.default\">\n\t\t\t\t<div class=\"elementor-widget-container\">\n\t\t\t\t\t<div class=\"qodef-shortcode qodef-m qodef-qi-section-title qodef-decoration--italic qodef-link--underline-draw qodef-subtitle-icon--left\">\n\t\t\t\t\t\t\t\t<div class=\"qodef-m-text\"><p><strong>Po dobraniu odpowiednich mebli, tkanin i kolor\u00f3w przychodzi czas na dekoracj\u0119 okien. Poza zas\u0142onami, roletami warto wybra\u0107 klasyczn\u0105 firan\u0119. Upi\u0119kszy ona ka\u017cdy salon, jadalni\u0119 lub sypialni\u0119. Dzi\u0119ki wysokiej jako\u015bci materia\u0142u oraz cudownemu wzornictwu nasze firany zachwyc\u0105 ka\u017cdego. A przebywanie w takim pomieszczeniu stanie si\u0119 czyst\u0105 przyjemno\u015bci\u0105. Dzi\u0119ki zastosowaniu opalizuj\u0105cych z\u0142otych oraz srebrnych nici, wz\u00f3r mieni si\u0119 w \u015bwietle przez co wygl\u0105da niezmiernie luksusowo. Ornamenty b\u0119d\u0105 pasowa\u0142y zar\u00f3wno do zas\u0142on wzorzystych jak i zupe\u0142nie g\u0142adkich.<\/strong><\/p><p>\u00a0<\/p><\/div>\n\t<\/div>\n\t\t\t\t<\/div>\n\t\t\t\t<\/div>\n\t\t\t\t\t<\/div>\n\t\t\t\t<\/div>\n\t\t<div class=\"elementor-element elementor-element-9512198 e-flex e-con-boxed qodef-elementor-content-no e-con e-parent\" data-id=\"9512198\" data-element_type=\"container\" data-e-type=\"container\">\n\t\t\t\t\t<div class=\"e-con-inner\">\n\t\t<div class=\"elementor-element elementor-element-c401452 e-con-full e-flex qodef-elementor-content-no e-con e-child\" data-id=\"c401452\" data-element_type=\"container\" data-e-type=\"container\">\n\t\t\t\t<div class=\"elementor-element elementor-element-c3626d0 elementor-widget elementor-widget-qi_addons_for_elementor_section_title\" data-id=\"c3626d0\" data-element_type=\"widget\" data-e-type=\"widget\" data-widget_type=\"qi_addons_for_elementor_section_title.default\">\n\t\t\t\t<div class=\"elementor-widget-container\">\n\t\t\t\t\t<div class=\"qodef-shortcode qodef-m qodef-qi-section-title qodef-decoration--italic qodef-link--underline-draw qodef-subtitle-icon--left\">\n\t\t\t\t\t\t<h2 class=\"qodef-m-title\">\n\t\tFirana Sirio\t<\/h2>\n\t\t\t<div class=\"qodef-m-text\"><p>Delikatnie kremowa firana z per\u0142owo \u2013 be\u017cowym haftem. Mamy tutaj po\u0142\u0105czenie zar\u00f3wno medalion\u00f3w ro\u015blinnych jak i kwiat\u00f3w. Du\u017ca liczba ma\u0142ych element\u00f3w tworzy niepowtarzalny charakter. Struktura 3D dodatkowo dodaje g\u0142\u0119bi. Obszycia s\u0105 ozdobione delikatnymi wystaj\u0105cymi z\u0142otymi niteczkami, kt\u00f3re s\u0105 rozmieszczone nieregularnie. Delikatnie po\u0142yskuj\u0105, odbijaj\u0105c \u015bwiat\u0142o. Ka\u017cdy z kwiat\u00f3w ma w \u015brodku wszyt\u0105 pere\u0142k\u0119. G\u0142\u00f3wny medalion ma dodatkowo wszyt\u0105 szenil\u0119, dzi\u0119ki czemu zyskujemy dodatkowy efekt wizualny, gdy\u017c ta cz\u0119\u015b\u0107 jest nietransparentna. Ci\u0119\u017cszy wz\u00f3r znajduje si\u0119 u do\u0142u firany, drobny w jej \u015brodku, natomiast g\u00f3ra jest pozbawiona haftu. <strong>Firana Sirio<\/strong> ma wysoko\u015b\u0107 300 cm i dzi\u0119ki braku w g\u00f3rnej cz\u0119\u015bci wzoru mo\u017cemy bez obaw j\u0105 skr\u00f3ci\u0107.<\/p><\/div>\n\t<\/div>\n\t\t\t\t<\/div>\n\t\t\t\t<\/div>\n\t\t\t\t<\/div>\n\t\t<div class=\"elementor-element elementor-element-e1b5805 e-con-full e-flex qodef-elementor-content-no e-con e-child\" data-id=\"e1b5805\" data-element_type=\"container\" data-e-type=\"container\">\n\t\t\t\t<div class=\"elementor-element elementor-element-eae5fbf elementor-widget elementor-widget-qi_addons_for_elementor_section_title\" data-id=\"eae5fbf\" data-element_type=\"widget\" data-e-type=\"widget\" data-widget_type=\"qi_addons_for_elementor_section_title.default\">\n\t\t\t\t<div class=\"elementor-widget-container\">\n\t\t\t\t\t<div class=\"qodef-shortcode qodef-m qodef-qi-section-title qodef-decoration--italic qodef-link--underline-draw qodef-subtitle-icon--left\">\n\t\t\t\t\t\t<h2 class=\"qodef-m-title\">\n\t\tCuracao\t<\/h2>\n\t\t\t<div class=\"qodef-m-text\"><p>Delikatnie kremowa firana z per\u0142owo \u2013 be\u017cowym haftem. Mamy tutaj po\u0142\u0105czenie zar\u00f3wno medalion\u00f3w ro\u015blinnych jak i kwiat\u00f3w. Du\u017ca liczba ma\u0142ych element\u00f3w tworzy niepowtarzalny charakter. Struktura 3D dodatkowo dodaje g\u0142\u0119bi. Obszycia s\u0105 ozdobione delikatnymi wystaj\u0105cymi z\u0142otymi niteczkami, kt\u00f3re s\u0105 rozmieszczone nieregularnie. Delikatnie po\u0142yskuj\u0105, odbijaj\u0105c \u015bwiat\u0142o. Ka\u017cdy z kwiat\u00f3w ma w \u015brodku wszyt\u0105 pere\u0142k\u0119. G\u0142\u00f3wny medalion ma dodatkowo wszyt\u0105 szenil\u0119, dzi\u0119ki czemu zyskujemy dodatkowy efekt wizualny, gdy\u017c ta cz\u0119\u015b\u0107 jest nietransparentna. Ci\u0119\u017cszy wz\u00f3r znajduje si\u0119 u do\u0142u firany, drobny w jej \u015brodku, natomiast g\u00f3ra jest pozbawiona haftu. <strong>Firana Sirio<\/strong> ma wysoko\u015b\u0107 300 cm i dzi\u0119ki braku w g\u00f3rnej cz\u0119\u015bci wzoru mo\u017cemy bez obaw j\u0105 skr\u00f3ci\u0107.<\/p><\/div>\n\t<\/div>\n\t\t\t\t<\/div>\n\t\t\t\t<\/div>\n\t\t\t\t<\/div>\n\t\t\t\t\t<\/div>\n\t\t\t\t<\/div>\n\t\t<div class=\"elementor-element elementor-element-5b80c4b e-flex e-con-boxed qodef-elementor-content-no e-con e-parent\" data-id=\"5b80c4b\" data-element_type=\"container\" data-e-type=\"container\">\n\t\t\t\t\t<div class=\"e-con-inner\">\n\t\t<div class=\"elementor-element elementor-element-e45d554 e-con-full e-flex qodef-elementor-content-no e-con e-child\" data-id=\"e45d554\" data-element_type=\"container\" data-e-type=\"container\">\n\t\t\t\t<div class=\"elementor-element elementor-element-ddf1343 elementor-widget elementor-widget-qi_addons_for_elementor_section_title\" data-id=\"ddf1343\" data-element_type=\"widget\" data-e-type=\"widget\" data-widget_type=\"qi_addons_for_elementor_section_title.default\">\n\t\t\t\t<div class=\"elementor-widget-container\">\n\t\t\t\t\t<div class=\"qodef-shortcode qodef-m qodef-qi-section-title qodef-decoration--italic qodef-link--underline-draw qodef-subtitle-icon--left\">\n\t\t\t\t\t\t<h2 class=\"qodef-m-title\">\n\t\tHalley\t<\/h2>\n\t\t\t<div class=\"qodef-m-text\"><p><a href=\"https:\/\/www.tkaninydekoracyjne.com.pl\/produkt\/halley\" target=\"_blank\" rel=\"noopener\"><strong>Firana Halley<\/strong><\/a>: delikatna biel po\u0142\u0105czona z kremowo-bia\u0142ym wzorem haftu to delikatno\u015b\u0107 w pe\u0142nej postaci. Ca\u0142o\u015b\u0107 jest bardzo lekka i zwiewna. Mo\u017cna j\u0105 zestawi\u0107 z bardzo wzorzystymi zas\u0142onami. Przepuszcza du\u017co \u015bwiat\u0142a, dzi\u0119ki czemu polecamy j\u0105 do s\u0142abiej do\u015bwietlonych wn\u0119trz. Dolny wz\u00f3r to przeplataj\u0105ce si\u0119 listki, natomiast na \u015brodku znajduje si\u0119 medalion o do\u015b\u0107 du\u017cej \u015brednicy. Warto zrobi\u0107 jedynie delikatne fale tak, aby nie za\u0142amywa\u0107 krzywizny haftu. Firana Halley ma wysoko\u015b\u0107 300 cm.<\/p><\/div>\n\t<\/div>\n\t\t\t\t<\/div>\n\t\t\t\t<\/div>\n\t\t\t\t<\/div>\n\t\t<div class=\"elementor-element elementor-element-dd7dda1 e-con-full e-flex qodef-elementor-content-no e-con e-child\" data-id=\"dd7dda1\" data-element_type=\"container\" data-e-type=\"container\">\n\t\t\t\t<div class=\"elementor-element elementor-element-5b81644 elementor-widget elementor-widget-qi_addons_for_elementor_section_title\" data-id=\"5b81644\" data-element_type=\"widget\" data-e-type=\"widget\" data-widget_type=\"qi_addons_for_elementor_section_title.default\">\n\t\t\t\t<div class=\"elementor-widget-container\">\n\t\t\t\t\t<div class=\"qodef-shortcode qodef-m qodef-qi-section-title qodef-decoration--italic qodef-link--underline-draw qodef-subtitle-icon--left\">\n\t\t\t\t\t\t<h2 class=\"qodef-m-title\">\n\t\tAruba\t<\/h2>\n\t\t\t<div class=\"qodef-m-text\"><p>Cudowna kremowa firana wyszywana nici\u0105 w kolorze per\u0142owym, szampa\u0144skim oraz z\u0142otym. Ci\u0119\u017cki d\u00f3\u0142 to wynik nie tylko bardzo bogatego wzoru, ale r\u00f3wnie\u017c wyko\u0144czenie kraw\u0119dzi kremow\u0105 szenil\u0105. Przepi\u0119kny haft przywodzi na my\u015bl ozdobn\u0105 koli\u0119. Jednak najwi\u0119ksz\u0105 uwag\u0119 przyci\u0105gaj\u0105 ogromne kwiaty r\u00f3\u017cy w kolorze szampa\u0144skim. Znajduj\u0105 si\u0119 one oko\u0142o 120 cm od ziemi, czyli odrobin\u0119 poni\u017cej wysoko\u015bci wzroku, przez co nie zas\u0142aniaj\u0105 widoku za oknem. <strong>Firana Aruba<\/strong> ma wysoko\u015b\u0107 300 cm.<\/p><\/div>\n\t<\/div>\n\t\t\t\t<\/div>\n\t\t\t\t<\/div>\n\t\t\t\t<\/div>\n\t\t\t\t\t<\/div>\n\t\t\t\t<\/div>\n\t\t<div class=\"elementor-element elementor-element-bef811b e-flex e-con-boxed qodef-elementor-content-no e-con e-parent\" data-id=\"bef811b\" data-element_type=\"container\" data-e-type=\"container\">\n\t\t\t\t\t<div class=\"e-con-inner\">\n\t\t\t\t<div class=\"elementor-element elementor-element-57a6fd2 elementor-widget elementor-widget-qi_addons_for_elementor_section_title\" data-id=\"57a6fd2\" data-element_type=\"widget\" data-e-type=\"widget\" data-widget_type=\"qi_addons_for_elementor_section_title.default\">\n\t\t\t\t<div class=\"elementor-widget-container\">\n\t\t\t\t\t<div class=\"qodef-shortcode qodef-m qodef-qi-section-title qodef-decoration--italic qodef-link--underline-draw qodef-subtitle-icon--left\">\n\t\t\t\t\t\t\t\t<div class=\"qodef-m-text\"><p>Na rynku dost\u0119pna jest ogromna ilo\u015b\u0107 tkanin posiadaj\u0105cych \u201eoszukany\u201d haft. Wzory s\u0105 tworzone na p\u0142asko tylko poprzez robienie dodatkowych p\u0119telek w \u015bciegu. Nasze <strong>firany klasyczne<\/strong> s\u0105 to hafty nak\u0142adane na g\u0142adk\u0105 powierzchni\u0119. Dlatego uzyskujemy cudowny tr\u00f3jwymiarowy efekt. Dodatek szenili sprawia, \u017ce mamy kilka poziom\u00f3w przejrzysto\u015bci. Wzory u\u0142o\u017cone s\u0105 tak, aby bez problem\u00f3w mo\u017cna by\u0142o przyci\u0105\u0107 firan\u0119 na odpowiedni\u0105 wysoko\u015b\u0107.<\/p><\/div>\n\t<\/div>\n\t\t\t\t<\/div>\n\t\t\t\t<\/div>\n\t\t\t\t\t<\/div>\n\t\t\t\t<\/div>\n\t\t\t\t<\/div>\n\t\t","protected":false},"excerpt":{"rendered":"<p>Po dobraniu odpowiednich mebli, tkanin i kolor\u00f3w przychodzi czas na dekoracj\u0119 okien. Poza zas\u0142onami, roletami warto wybra\u0107 klasyczn\u0105 firan\u0119. Upi\u0119kszy ona ka\u017cdy salon, jadalni\u0119 lub sypialni\u0119. Dzi\u0119ki wysokiej jako\u015bci materia\u0142u oraz cudownemu wzornictwu nasze firany zachwyc\u0105 ka\u017cdego. A przebywanie w takim pomieszczeniu stanie si\u0119 czyst\u0105 przyjemno\u015bci\u0105. Dzi\u0119ki zastosowaniu opalizuj\u0105cych z\u0142otych oraz srebrnych nici, wz\u00f3r mieni [&hellip;]<\/p>\n","protected":false},"author":1,"featured_media":2104,"comment_status":"open","ping_status":"open","sticky":false,"template":"","format":"standard","meta":{"footnotes":""},"categories":[89],"tags":[],"class_list":["post-2147","post","type-post","status-publish","format-standard","has-post-thumbnail","hentry","category-firany"],"yoast_head":"<!-- This site is optimized with the Yoast SEO plugin v27.4 - https:\/\/yoast.com\/product\/yoast-seo-wordpress\/ -->\n<title>Klasyczne firany - ozdoba ka\u017cdego okna - Rad-Pol Tkaniny<\/title>\n<meta name=\"description\" content=\"Klasyczne firany - ozdoba ka\u017cdego okna. Rad-Pol du\u017cy wyb\u00f3r firan. Zapraszamy, salon Warszawa, Jerozolimskie 200.\" \/>\n<meta name=\"robots\" content=\"index, follow, max-snippet:-1, max-image-preview:large, max-video-preview:-1\" \/>\n<link rel=\"canonical\" href=\"https:\/\/rad-pol.com.pl\/tkaninydekoracyjne\/2023\/12\/27\/klasyczne-firany-ozdoba-kazdego-okna\/\" \/>\n<meta property=\"og:locale\" content=\"pl_PL\" \/>\n<meta property=\"og:type\" content=\"article\" \/>\n<meta property=\"og:title\" content=\"Klasyczne firany - ozdoba ka\u017cdego okna - Rad-Pol Tkaniny\" \/>\n<meta property=\"og:description\" content=\"Klasyczne firany - ozdoba ka\u017cdego okna. Rad-Pol du\u017cy wyb\u00f3r firan. Zapraszamy, salon Warszawa, Jerozolimskie 200.\" \/>\n<meta property=\"og:url\" content=\"https:\/\/rad-pol.com.pl\/tkaninydekoracyjne\/2023\/12\/27\/klasyczne-firany-ozdoba-kazdego-okna\/\" \/>\n<meta property=\"og:site_name\" content=\"Rad-Pol Tkaniny\" \/>\n<meta property=\"article:publisher\" content=\"https:\/\/www.facebook.com\/RadPolTkaniny\" \/>\n<meta property=\"article:published_time\" content=\"2023-12-27T14:11:30+00:00\" \/>\n<meta property=\"article:modified_time\" content=\"2024-09-17T13:33:42+00:00\" \/>\n<meta property=\"og:image\" content=\"http:\/\/rad-pol.com.pl\/tkaninydekoracyjne\/wp-content\/uploads\/sites\/3\/2023\/12\/firany.jpg\" \/>\n\t<meta property=\"og:image:width\" content=\"600\" \/>\n\t<meta property=\"og:image:height\" content=\"600\" \/>\n\t<meta property=\"og:image:type\" content=\"image\/jpeg\" \/>\n<meta name=\"author\" content=\"KG\" \/>\n<meta name=\"twitter:card\" content=\"summary_large_image\" \/>\n<meta name=\"twitter:label1\" content=\"Napisane przez\" \/>\n\t<meta name=\"twitter:data1\" content=\"KG\" \/>\n\t<meta name=\"twitter:label2\" content=\"Szacowany czas czytania\" \/>\n\t<meta name=\"twitter:data2\" content=\"4 minuty\" \/>\n<script type=\"application\/ld+json\" class=\"yoast-schema-graph\">{\"@context\":\"https:\\\/\\\/schema.org\",\"@graph\":[{\"@type\":\"Article\",\"@id\":\"https:\\\/\\\/rad-pol.com.pl\\\/tkaninydekoracyjne\\\/2023\\\/12\\\/27\\\/klasyczne-firany-ozdoba-kazdego-okna\\\/#article\",\"isPartOf\":{\"@id\":\"https:\\\/\\\/rad-pol.com.pl\\\/tkaninydekoracyjne\\\/2023\\\/12\\\/27\\\/klasyczne-firany-ozdoba-kazdego-okna\\\/\"},\"author\":{\"name\":\"KG\",\"@id\":\"https:\\\/\\\/rad-pol.com.pl\\\/tkaninydekoracyjne\\\/#\\\/schema\\\/person\\\/adf04a684a068060f25c7a7009b00e2a\"},\"headline\":\"Klasyczne firany &#8211; ozdoba ka\u017cdego okna\",\"datePublished\":\"2023-12-27T14:11:30+00:00\",\"dateModified\":\"2024-09-17T13:33:42+00:00\",\"mainEntityOfPage\":{\"@id\":\"https:\\\/\\\/rad-pol.com.pl\\\/tkaninydekoracyjne\\\/2023\\\/12\\\/27\\\/klasyczne-firany-ozdoba-kazdego-okna\\\/\"},\"wordCount\":613,\"commentCount\":0,\"publisher\":{\"@id\":\"https:\\\/\\\/rad-pol.com.pl\\\/tkaninydekoracyjne\\\/#organization\"},\"image\":{\"@id\":\"https:\\\/\\\/rad-pol.com.pl\\\/tkaninydekoracyjne\\\/2023\\\/12\\\/27\\\/klasyczne-firany-ozdoba-kazdego-okna\\\/#primaryimage\"},\"thumbnailUrl\":\"https:\\\/\\\/rad-pol.com.pl\\\/tkaninydekoracyjne\\\/wp-content\\\/uploads\\\/sites\\\/3\\\/2023\\\/12\\\/firany.jpg\",\"articleSection\":[\"Firany\"],\"inLanguage\":\"pl-PL\",\"potentialAction\":[{\"@type\":\"CommentAction\",\"name\":\"Comment\",\"target\":[\"https:\\\/\\\/rad-pol.com.pl\\\/tkaninydekoracyjne\\\/2023\\\/12\\\/27\\\/klasyczne-firany-ozdoba-kazdego-okna\\\/#respond\"]}]},{\"@type\":\"WebPage\",\"@id\":\"https:\\\/\\\/rad-pol.com.pl\\\/tkaninydekoracyjne\\\/2023\\\/12\\\/27\\\/klasyczne-firany-ozdoba-kazdego-okna\\\/\",\"url\":\"https:\\\/\\\/rad-pol.com.pl\\\/tkaninydekoracyjne\\\/2023\\\/12\\\/27\\\/klasyczne-firany-ozdoba-kazdego-okna\\\/\",\"name\":\"Klasyczne firany - ozdoba ka\u017cdego okna - Rad-Pol Tkaniny\",\"isPartOf\":{\"@id\":\"https:\\\/\\\/rad-pol.com.pl\\\/tkaninydekoracyjne\\\/#website\"},\"primaryImageOfPage\":{\"@id\":\"https:\\\/\\\/rad-pol.com.pl\\\/tkaninydekoracyjne\\\/2023\\\/12\\\/27\\\/klasyczne-firany-ozdoba-kazdego-okna\\\/#primaryimage\"},\"image\":{\"@id\":\"https:\\\/\\\/rad-pol.com.pl\\\/tkaninydekoracyjne\\\/2023\\\/12\\\/27\\\/klasyczne-firany-ozdoba-kazdego-okna\\\/#primaryimage\"},\"thumbnailUrl\":\"https:\\\/\\\/rad-pol.com.pl\\\/tkaninydekoracyjne\\\/wp-content\\\/uploads\\\/sites\\\/3\\\/2023\\\/12\\\/firany.jpg\",\"datePublished\":\"2023-12-27T14:11:30+00:00\",\"dateModified\":\"2024-09-17T13:33:42+00:00\",\"description\":\"Klasyczne firany - ozdoba ka\u017cdego okna. Rad-Pol du\u017cy wyb\u00f3r firan. Zapraszamy, salon Warszawa, Jerozolimskie 200.\",\"breadcrumb\":{\"@id\":\"https:\\\/\\\/rad-pol.com.pl\\\/tkaninydekoracyjne\\\/2023\\\/12\\\/27\\\/klasyczne-firany-ozdoba-kazdego-okna\\\/#breadcrumb\"},\"inLanguage\":\"pl-PL\",\"potentialAction\":[{\"@type\":\"ReadAction\",\"target\":[\"https:\\\/\\\/rad-pol.com.pl\\\/tkaninydekoracyjne\\\/2023\\\/12\\\/27\\\/klasyczne-firany-ozdoba-kazdego-okna\\\/\"]}]},{\"@type\":\"ImageObject\",\"inLanguage\":\"pl-PL\",\"@id\":\"https:\\\/\\\/rad-pol.com.pl\\\/tkaninydekoracyjne\\\/2023\\\/12\\\/27\\\/klasyczne-firany-ozdoba-kazdego-okna\\\/#primaryimage\",\"url\":\"https:\\\/\\\/rad-pol.com.pl\\\/tkaninydekoracyjne\\\/wp-content\\\/uploads\\\/sites\\\/3\\\/2023\\\/12\\\/firany.jpg\",\"contentUrl\":\"https:\\\/\\\/rad-pol.com.pl\\\/tkaninydekoracyjne\\\/wp-content\\\/uploads\\\/sites\\\/3\\\/2023\\\/12\\\/firany.jpg\",\"width\":600,\"height\":600},{\"@type\":\"BreadcrumbList\",\"@id\":\"https:\\\/\\\/rad-pol.com.pl\\\/tkaninydekoracyjne\\\/2023\\\/12\\\/27\\\/klasyczne-firany-ozdoba-kazdego-okna\\\/#breadcrumb\",\"itemListElement\":[{\"@type\":\"ListItem\",\"position\":1,\"name\":\"Strona g\u0142\u00f3wna\",\"item\":\"https:\\\/\\\/rad-pol.com.pl\\\/tkaninydekoracyjne\\\/\"},{\"@type\":\"ListItem\",\"position\":2,\"name\":\"Klasyczne firany &#8211; ozdoba ka\u017cdego okna\"}]},{\"@type\":\"WebSite\",\"@id\":\"https:\\\/\\\/rad-pol.com.pl\\\/tkaninydekoracyjne\\\/#website\",\"url\":\"https:\\\/\\\/rad-pol.com.pl\\\/tkaninydekoracyjne\\\/\",\"name\":\"Rad-Pol Tkaniny\",\"description\":\"\",\"publisher\":{\"@id\":\"https:\\\/\\\/rad-pol.com.pl\\\/tkaninydekoracyjne\\\/#organization\"},\"potentialAction\":[{\"@type\":\"SearchAction\",\"target\":{\"@type\":\"EntryPoint\",\"urlTemplate\":\"https:\\\/\\\/rad-pol.com.pl\\\/tkaninydekoracyjne\\\/?s={search_term_string}\"},\"query-input\":{\"@type\":\"PropertyValueSpecification\",\"valueRequired\":true,\"valueName\":\"search_term_string\"}}],\"inLanguage\":\"pl-PL\"},{\"@type\":\"Organization\",\"@id\":\"https:\\\/\\\/rad-pol.com.pl\\\/tkaninydekoracyjne\\\/#organization\",\"name\":\"Rad-Pol Tkaniny\",\"url\":\"https:\\\/\\\/rad-pol.com.pl\\\/tkaninydekoracyjne\\\/\",\"logo\":{\"@type\":\"ImageObject\",\"inLanguage\":\"pl-PL\",\"@id\":\"https:\\\/\\\/rad-pol.com.pl\\\/tkaninydekoracyjne\\\/#\\\/schema\\\/logo\\\/image\\\/\",\"url\":\"https:\\\/\\\/rad-pol.com.pl\\\/tkaninydekoracyjne\\\/wp-content\\\/uploads\\\/sites\\\/3\\\/2024\\\/04\\\/RadPol-logo-www.png\",\"contentUrl\":\"https:\\\/\\\/rad-pol.com.pl\\\/tkaninydekoracyjne\\\/wp-content\\\/uploads\\\/sites\\\/3\\\/2024\\\/04\\\/RadPol-logo-www.png\",\"width\":300,\"height\":108,\"caption\":\"Rad-Pol Tkaniny\"},\"image\":{\"@id\":\"https:\\\/\\\/rad-pol.com.pl\\\/tkaninydekoracyjne\\\/#\\\/schema\\\/logo\\\/image\\\/\"},\"sameAs\":[\"https:\\\/\\\/www.facebook.com\\\/RadPolTkaniny\"]},{\"@type\":\"Person\",\"@id\":\"https:\\\/\\\/rad-pol.com.pl\\\/tkaninydekoracyjne\\\/#\\\/schema\\\/person\\\/adf04a684a068060f25c7a7009b00e2a\",\"name\":\"KG\",\"image\":{\"@type\":\"ImageObject\",\"inLanguage\":\"pl-PL\",\"@id\":\"https:\\\/\\\/secure.gravatar.com\\\/avatar\\\/7016a3177ebd9f819fe115adbd37f1ef492816fdfcc45c843b68ac6b54e73c37?s=96&d=mm&r=g\",\"url\":\"https:\\\/\\\/secure.gravatar.com\\\/avatar\\\/7016a3177ebd9f819fe115adbd37f1ef492816fdfcc45c843b68ac6b54e73c37?s=96&d=mm&r=g\",\"contentUrl\":\"https:\\\/\\\/secure.gravatar.com\\\/avatar\\\/7016a3177ebd9f819fe115adbd37f1ef492816fdfcc45c843b68ac6b54e73c37?s=96&d=mm&r=g\",\"caption\":\"KG\"},\"sameAs\":[\"http:\\\/\\\/51.83.134.32\"]}]}<\/script>\n<!-- \/ Yoast SEO plugin. -->","yoast_head_json":{"title":"Klasyczne firany - ozdoba ka\u017cdego okna - Rad-Pol Tkaniny","description":"Klasyczne firany - ozdoba ka\u017cdego okna. Rad-Pol du\u017cy wyb\u00f3r firan. Zapraszamy, salon Warszawa, Jerozolimskie 200.","robots":{"index":"index","follow":"follow","max-snippet":"max-snippet:-1","max-image-preview":"max-image-preview:large","max-video-preview":"max-video-preview:-1"},"canonical":"https:\/\/rad-pol.com.pl\/tkaninydekoracyjne\/2023\/12\/27\/klasyczne-firany-ozdoba-kazdego-okna\/","og_locale":"pl_PL","og_type":"article","og_title":"Klasyczne firany - ozdoba ka\u017cdego okna - Rad-Pol Tkaniny","og_description":"Klasyczne firany - ozdoba ka\u017cdego okna. Rad-Pol du\u017cy wyb\u00f3r firan. Zapraszamy, salon Warszawa, Jerozolimskie 200.","og_url":"https:\/\/rad-pol.com.pl\/tkaninydekoracyjne\/2023\/12\/27\/klasyczne-firany-ozdoba-kazdego-okna\/","og_site_name":"Rad-Pol Tkaniny","article_publisher":"https:\/\/www.facebook.com\/RadPolTkaniny","article_published_time":"2023-12-27T14:11:30+00:00","article_modified_time":"2024-09-17T13:33:42+00:00","og_image":[{"width":600,"height":600,"url":"http:\/\/rad-pol.com.pl\/tkaninydekoracyjne\/wp-content\/uploads\/sites\/3\/2023\/12\/firany.jpg","type":"image\/jpeg"}],"author":"KG","twitter_card":"summary_large_image","twitter_misc":{"Napisane przez":"KG","Szacowany czas czytania":"4 minuty"},"schema":{"@context":"https:\/\/schema.org","@graph":[{"@type":"Article","@id":"https:\/\/rad-pol.com.pl\/tkaninydekoracyjne\/2023\/12\/27\/klasyczne-firany-ozdoba-kazdego-okna\/#article","isPartOf":{"@id":"https:\/\/rad-pol.com.pl\/tkaninydekoracyjne\/2023\/12\/27\/klasyczne-firany-ozdoba-kazdego-okna\/"},"author":{"name":"KG","@id":"https:\/\/rad-pol.com.pl\/tkaninydekoracyjne\/#\/schema\/person\/adf04a684a068060f25c7a7009b00e2a"},"headline":"Klasyczne firany &#8211; ozdoba ka\u017cdego okna","datePublished":"2023-12-27T14:11:30+00:00","dateModified":"2024-09-17T13:33:42+00:00","mainEntityOfPage":{"@id":"https:\/\/rad-pol.com.pl\/tkaninydekoracyjne\/2023\/12\/27\/klasyczne-firany-ozdoba-kazdego-okna\/"},"wordCount":613,"commentCount":0,"publisher":{"@id":"https:\/\/rad-pol.com.pl\/tkaninydekoracyjne\/#organization"},"image":{"@id":"https:\/\/rad-pol.com.pl\/tkaninydekoracyjne\/2023\/12\/27\/klasyczne-firany-ozdoba-kazdego-okna\/#primaryimage"},"thumbnailUrl":"https:\/\/rad-pol.com.pl\/tkaninydekoracyjne\/wp-content\/uploads\/sites\/3\/2023\/12\/firany.jpg","articleSection":["Firany"],"inLanguage":"pl-PL","potentialAction":[{"@type":"CommentAction","name":"Comment","target":["https:\/\/rad-pol.com.pl\/tkaninydekoracyjne\/2023\/12\/27\/klasyczne-firany-ozdoba-kazdego-okna\/#respond"]}]},{"@type":"WebPage","@id":"https:\/\/rad-pol.com.pl\/tkaninydekoracyjne\/2023\/12\/27\/klasyczne-firany-ozdoba-kazdego-okna\/","url":"https:\/\/rad-pol.com.pl\/tkaninydekoracyjne\/2023\/12\/27\/klasyczne-firany-ozdoba-kazdego-okna\/","name":"Klasyczne firany - ozdoba ka\u017cdego okna - Rad-Pol Tkaniny","isPartOf":{"@id":"https:\/\/rad-pol.com.pl\/tkaninydekoracyjne\/#website"},"primaryImageOfPage":{"@id":"https:\/\/rad-pol.com.pl\/tkaninydekoracyjne\/2023\/12\/27\/klasyczne-firany-ozdoba-kazdego-okna\/#primaryimage"},"image":{"@id":"https:\/\/rad-pol.com.pl\/tkaninydekoracyjne\/2023\/12\/27\/klasyczne-firany-ozdoba-kazdego-okna\/#primaryimage"},"thumbnailUrl":"https:\/\/rad-pol.com.pl\/tkaninydekoracyjne\/wp-content\/uploads\/sites\/3\/2023\/12\/firany.jpg","datePublished":"2023-12-27T14:11:30+00:00","dateModified":"2024-09-17T13:33:42+00:00","description":"Klasyczne firany - ozdoba ka\u017cdego okna. Rad-Pol du\u017cy wyb\u00f3r firan. Zapraszamy, salon Warszawa, Jerozolimskie 200.","breadcrumb":{"@id":"https:\/\/rad-pol.com.pl\/tkaninydekoracyjne\/2023\/12\/27\/klasyczne-firany-ozdoba-kazdego-okna\/#breadcrumb"},"inLanguage":"pl-PL","potentialAction":[{"@type":"ReadAction","target":["https:\/\/rad-pol.com.pl\/tkaninydekoracyjne\/2023\/12\/27\/klasyczne-firany-ozdoba-kazdego-okna\/"]}]},{"@type":"ImageObject","inLanguage":"pl-PL","@id":"https:\/\/rad-pol.com.pl\/tkaninydekoracyjne\/2023\/12\/27\/klasyczne-firany-ozdoba-kazdego-okna\/#primaryimage","url":"https:\/\/rad-pol.com.pl\/tkaninydekoracyjne\/wp-content\/uploads\/sites\/3\/2023\/12\/firany.jpg","contentUrl":"https:\/\/rad-pol.com.pl\/tkaninydekoracyjne\/wp-content\/uploads\/sites\/3\/2023\/12\/firany.jpg","width":600,"height":600},{"@type":"BreadcrumbList","@id":"https:\/\/rad-pol.com.pl\/tkaninydekoracyjne\/2023\/12\/27\/klasyczne-firany-ozdoba-kazdego-okna\/#breadcrumb","itemListElement":[{"@type":"ListItem","position":1,"name":"Strona g\u0142\u00f3wna","item":"https:\/\/rad-pol.com.pl\/tkaninydekoracyjne\/"},{"@type":"ListItem","position":2,"name":"Klasyczne firany &#8211; ozdoba ka\u017cdego okna"}]},{"@type":"WebSite","@id":"https:\/\/rad-pol.com.pl\/tkaninydekoracyjne\/#website","url":"https:\/\/rad-pol.com.pl\/tkaninydekoracyjne\/","name":"Rad-Pol Tkaniny","description":"","publisher":{"@id":"https:\/\/rad-pol.com.pl\/tkaninydekoracyjne\/#organization"},"potentialAction":[{"@type":"SearchAction","target":{"@type":"EntryPoint","urlTemplate":"https:\/\/rad-pol.com.pl\/tkaninydekoracyjne\/?s={search_term_string}"},"query-input":{"@type":"PropertyValueSpecification","valueRequired":true,"valueName":"search_term_string"}}],"inLanguage":"pl-PL"},{"@type":"Organization","@id":"https:\/\/rad-pol.com.pl\/tkaninydekoracyjne\/#organization","name":"Rad-Pol Tkaniny","url":"https:\/\/rad-pol.com.pl\/tkaninydekoracyjne\/","logo":{"@type":"ImageObject","inLanguage":"pl-PL","@id":"https:\/\/rad-pol.com.pl\/tkaninydekoracyjne\/#\/schema\/logo\/image\/","url":"https:\/\/rad-pol.com.pl\/tkaninydekoracyjne\/wp-content\/uploads\/sites\/3\/2024\/04\/RadPol-logo-www.png","contentUrl":"https:\/\/rad-pol.com.pl\/tkaninydekoracyjne\/wp-content\/uploads\/sites\/3\/2024\/04\/RadPol-logo-www.png","width":300,"height":108,"caption":"Rad-Pol Tkaniny"},"image":{"@id":"https:\/\/rad-pol.com.pl\/tkaninydekoracyjne\/#\/schema\/logo\/image\/"},"sameAs":["https:\/\/www.facebook.com\/RadPolTkaniny"]},{"@type":"Person","@id":"https:\/\/rad-pol.com.pl\/tkaninydekoracyjne\/#\/schema\/person\/adf04a684a068060f25c7a7009b00e2a","name":"KG","image":{"@type":"ImageObject","inLanguage":"pl-PL","@id":"https:\/\/secure.gravatar.com\/avatar\/7016a3177ebd9f819fe115adbd37f1ef492816fdfcc45c843b68ac6b54e73c37?s=96&d=mm&r=g","url":"https:\/\/secure.gravatar.com\/avatar\/7016a3177ebd9f819fe115adbd37f1ef492816fdfcc45c843b68ac6b54e73c37?s=96&d=mm&r=g","contentUrl":"https:\/\/secure.gravatar.com\/avatar\/7016a3177ebd9f819fe115adbd37f1ef492816fdfcc45c843b68ac6b54e73c37?s=96&d=mm&r=g","caption":"KG"},"sameAs":["http:\/\/51.83.134.32"]}]}},"_links":{"self":[{"href":"https:\/\/rad-pol.com.pl\/tkaninydekoracyjne\/wp-json\/wp\/v2\/posts\/2147","targetHints":{"allow":["GET"]}}],"collection":[{"href":"https:\/\/rad-pol.com.pl\/tkaninydekoracyjne\/wp-json\/wp\/v2\/posts"}],"about":[{"href":"https:\/\/rad-pol.com.pl\/tkaninydekoracyjne\/wp-json\/wp\/v2\/types\/post"}],"author":[{"embeddable":true,"href":"https:\/\/rad-pol.com.pl\/tkaninydekoracyjne\/wp-json\/wp\/v2\/users\/1"}],"replies":[{"embeddable":true,"href":"https:\/\/rad-pol.com.pl\/tkaninydekoracyjne\/wp-json\/wp\/v2\/comments?post=2147"}],"version-history":[{"count":1,"href":"https:\/\/rad-pol.com.pl\/tkaninydekoracyjne\/wp-json\/wp\/v2\/posts\/2147\/revisions"}],"predecessor-version":[{"id":12836,"href":"https:\/\/rad-pol.com.pl\/tkaninydekoracyjne\/wp-json\/wp\/v2\/posts\/2147\/revisions\/12836"}],"wp:featuredmedia":[{"embeddable":true,"href":"https:\/\/rad-pol.com.pl\/tkaninydekoracyjne\/wp-json\/wp\/v2\/media\/2104"}],"wp:attachment":[{"href":"https:\/\/rad-pol.com.pl\/tkaninydekoracyjne\/wp-json\/wp\/v2\/media?parent=2147"}],"wp:term":[{"taxonomy":"category","embeddable":true,"href":"https:\/\/rad-pol.com.pl\/tkaninydekoracyjne\/wp-json\/wp\/v2\/categories?post=2147"},{"taxonomy":"post_tag","embeddable":true,"href":"https:\/\/rad-pol.com.pl\/tkaninydekoracyjne\/wp-json\/wp\/v2\/tags?post=2147"}],"curies":[{"name":"wp","href":"https:\/\/api.w.org\/{rel}","templated":true}]}}